{"id":1196,"date":"2026-09-01T17:31:04","date_gmt":"2026-09-01T21:31:04","guid":{"rendered":"https:\/\/spanoor.com\/?p=1196"},"modified":"2026-09-01T17:31:49","modified_gmt":"2026-09-01T21:31:49","slug":"male-hair-restoration-treatments","status":"publish","type":"post","link":"https:\/\/spanoor.com\/pt\/male-hair-restoration-treatments\/","title":{"rendered":"A queda de cabelo masculina \u00e9 um problema biol\u00f3gico. As solu\u00e7\u00f5es est\u00e3o a melhorar."},"content":{"rendered":"<section class=\"wp-block-cover alignfull section-wrapper hero-article-wrapper\" style=\"padding-top:var(--wp--preset--spacing--70);padding-right:var(--wp--preset--spacing--40);padding-bottom:var(--wp--preset--spacing--60);padding-left:var(--wp--preset--spacing--40);min-height:520px;aspect-ratio:unset;\"><img loading=\"lazy\" decoding=\"async\" width=\"1024\" height=\"341\" class=\"wp-block-cover__image-background wp-image-1197 size-large\" alt=\"Hair Restoration for Men in Fall River\" src=\"https:\/\/spanoor.com\/wp-content\/uploads\/2026\/09\/Male_hair_restoration_South_Coast_Massachusetts-1024x341.webp\" data-object-fit=\"cover\" srcset=\"https:\/\/spanoor.com\/wp-content\/uploads\/2026\/09\/Male_hair_restoration_South_Coast_Massachusetts-1024x341.webp 1024w, https:\/\/spanoor.com\/wp-content\/uploads\/2026\/09\/Male_hair_restoration_South_Coast_Massachusetts-300x100.webp 300w, https:\/\/spanoor.com\/wp-content\/uploads\/2026\/09\/Male_hair_restoration_South_Coast_Massachusetts-768x256.webp 768w, https:\/\/spanoor.com\/wp-content\/uploads\/2026\/09\/Male_hair_restoration_South_Coast_Massachusetts-1536x512.webp 1536w, https:\/\/spanoor.com\/wp-content\/uploads\/2026\/09\/Male_hair_restoration_South_Coast_Massachusetts-2048x683.webp 2048w, https:\/\/spanoor.com\/wp-content\/uploads\/2026\/09\/Male_hair_restoration_South_Coast_Massachusetts-18x6.webp 18w\" sizes=\"auto, (max-width: 1024px) 100vw, 1024px\" \/><span aria-hidden=\"true\" class=\"wp-block-cover__background has-contrast-background-color has-background-dim-40 has-background-dim\"><\/span><div class=\"wp-block-cover__inner-container has-global-padding is-layout-constrained wp-container-core-cover-is-layout-d8ef2a92 wp-block-cover-is-layout-constrained\"><div class=\"taxonomy-category hero-article__chip wp-block-post-terms has-text-align-center\">Restaura\u00e7\u00e3o Capilar<\/div>\n\n<h1 class=\"wp-block-post-title has-text-color has-base-color has-xxx-large-font-size has-text-align-center\">A queda de cabelo masculina \u00e9 um problema biol\u00f3gico. As solu\u00e7\u00f5es est\u00e3o a melhorar.<\/h1><\/div><\/section>\n\n\n\n<p class=\"has-large-font-size wp-block-paragraph\">A queda de cabelo \u00e9 daquelas coisas que acontecem gradualmente e depois, de repente, de um dia para o outro. Uma testa ligeiramente mais alta numa fotografia. Uma coroa mais rala sob a luz impiedosa do escrit\u00f3rio. Uma chamada de Zoom onde o nota antes de mais algu\u00e9m dizer uma \u00fanica palavra. Numa cultura cada vez mais obcecada com a imagem, e em contextos profissionais onde a juventude \u00e9 frequentemente interpretada como vitalidade, perder cabelo pode parecer perder terreno de formas dif\u00edceis de articular e f\u00e1ceis de desvalorizar. N\u00e3o deveria ter de ser nenhuma das duas coisas.<\/p>\n\n\n\n<p class=\"has-x-small-font-size wp-block-paragraph\">A queda de cabelo masculina segue uma via biol\u00f3gica previs\u00edvel, e a janela para um tratamento n\u00e3o cir\u00fargico eficaz \u00e9 mais cedo do que a maioria dos homens imagina. Se tem dado por si a notar a linha do cabelo a recuar, a coroa a rarear ou o seu cabelo simplesmente a parecer menos denso do que costumava ser, n\u00e3o est\u00e1 a imaginar coisas. E n\u00e3o ficou sem op\u00e7\u00f5es. A ci\u00eancia da restaura\u00e7\u00e3o capilar avan\u00e7ou significativamente nos \u00faltimos tr\u00eas anos, e os tratamentos dispon\u00edveis hoje em dia s\u00e3o significativamente diferentes do que existia h\u00e1 pouco tempo.<\/p>\n\n\n\n<h2 class=\"wp-block-heading\">Porque \u00e9 que os homens perdem cabelo<\/h2>\n\n\n\n<p class=\"has-x-small-font-size wp-block-paragraph\">A causa mais comum da queda de cabelo nos homens \u00e9 a alopecia androgen\u00e9tica \u2014 queda de cabelo de padr\u00e3o masculino \u2014, que afeta aproximadamente 85% dos homens, em maior ou menor grau, ao longo da vida. Esta condi\u00e7\u00e3o \u00e9 provocada por uma sensibilidade gen\u00e9tica \u00e0 dihidrotestosterona (DHT), uma hormona que, com o tempo, miniaturiza gradualmente os fol\u00edculos capilares, levando-os a produzir cabelos cada vez mais finos e curtos, at\u00e9 deixarem de produzir cabelo por completo.<\/p>\n\n\n\n<p class=\"has-x-small-font-size wp-block-paragraph\">O facto cr\u00edtico que a maioria dos homens desconhece: os fol\u00edculos que miniaturizaram n\u00e3o est\u00e3o necessariamente mortos. Numa fase inicial da queda de cabelo, os fol\u00edculos dormentes ainda podem ser reativados. Em fases mais avan\u00e7adas, essa janela fecha-se. \u00c9 por esta raz\u00e3o que o timing importa mais na restaura\u00e7\u00e3o capilar do que em quase qualquer outra quest\u00e3o est\u00e9tica. Esperar at\u00e9 que a queda de cabelo seja \u00f3bvia significa, muitas vezes, esperar at\u00e9 que os tratamentos mais eficazes tenham menos margem de manobra.<\/p>\n\n\n\n<p class=\"has-x-small-font-size wp-block-paragraph\">Outros fatores contribuintes incluem a queda de cabelo relacionada com o stress (efl\u00favio telog\u00e9nico), altera\u00e7\u00f5es hormonais ou p\u00f3s-parto, defici\u00eancias nutricionais, condi\u00e7\u00f5es do couro cabeludo e determinados medicamentos. Uma consulta adequada identificar\u00e1 qual destes fatores est\u00e1 em causa \u2014 uma vez que a abordagem de tratamento \u00e9 diferente dependendo da causa.<\/p>\n\n\n\n<h2 class=\"wp-block-heading\">As Op\u00e7\u00f5es N\u00e3o Cir\u00fargicas Que Realmente Funcionam<\/h2>\n\n\n\n<p class=\"has-x-small-font-size wp-block-paragraph\">A restaura\u00e7\u00e3o capilar n\u00e3o cir\u00fargica sofreu uma verdadeira transforma\u00e7\u00e3o. A gera\u00e7\u00e3o atual de tratamentos regenerativos atua visando diretamente o ambiente do fol\u00edculo \u2014 melhorando o fornecimento de sangue, entregando sinais de crescimento concentrados e criando as condi\u00e7\u00f5es no couro cabeludo que permitem que os fol\u00edculos existentes funcionem melhor e os dormentes sejam reativados. Nenhuma destas solu\u00e7\u00f5es produz efeitos da noite para o dia. Funcionam progressivamente ao longo de meses, e os resultados continuam a desenvolver-se com uma s\u00e9rie consistente de tratamentos.<\/p>\n\n\n\n<h3 class=\"wp-block-heading\">PRFM \u2014 Matriz de Fibrina Rica em Plaquetas<\/h3>\n\n\n\n<p class=\"has-x-small-font-size wp-block-paragraph\"><a href=\"https:\/\/spanoor.com\/pt\/services\/prfm-hair-restoration\/\">O PRFM \u00e9 o tratamento biol\u00f3gico de restaura\u00e7\u00e3o capilar mais estabelecido<\/a> dispon\u00edvel no Spa Noor, e possui a base de evid\u00eancias mais forte de qualquer abordagem regenerativa inject\u00e1vel. Come\u00e7a com uma pequena colheita de sangue. A amostra \u00e9 processada utilizando o sistema Cellenis para produzir uma matriz de fibrina rica em plaquetas \u2014 uma forma de plasma rico em plaquetas mais concentrada e de liberta\u00e7\u00e3o prolongada. Onde o PRP standard liberta os seus factores de crescimento rapidamente, o PRFM converte o plasma num arcabou\u00e7o de fibrina que liberta gradualmente os factores de crescimento no local da injec\u00e7\u00e3o durante um per\u00edodo mais longo.<\/p>\n\n\n\n<p class=\"has-x-small-font-size wp-block-paragraph\">Uma meta-an\u00e1lise de 2025 que agrupou 43 ensaios cl\u00ednicos randomizados envolvendo 1.877 pacientes concluiu que o plasma rico em plaquetas \u00e9 seguro e eficaz para aumentar a densidade capilar e reduzir a queda de cabelo. O PRFM vai ainda mais al\u00e9m. Como o material \u00e9 derivado do seu pr\u00f3prio sangue, n\u00e3o existe risco de rea\u00e7\u00e3o al\u00e9rgica. Os resultados tornam-se normalmente vis\u00edveis aos tr\u00eas a quatro meses, com uma melhoria cont\u00ednua ao longo de uma s\u00e9rie de tratamentos espa\u00e7ados de quatro a seis semanas.<\/p>\n\n\n\n<h3 class=\"wp-block-heading\">Restaura\u00e7\u00e3o Capilar com Exossomas de Origem Vegetal<\/h3>\n\n\n\n<p class=\"has-x-small-font-size wp-block-paragraph\"><a href=\"https:\/\/spanoor.com\/pt\/services\/plant-based-exosome-hair-restoration\/\">Terapia com exossomas de origem vegetal<\/a> representa a fronteira atual da restaura\u00e7\u00e3o capilar regenerativa. Os exossomas s\u00e3o ves\u00edculas extracelulares de tamanho nano \u2014 essencialmente mensageiros biol\u00f3gicos \u2014 que transportam fatores de crescimento, prote\u00ednas e mol\u00e9culas de sinaliza\u00e7\u00e3o entre as c\u00e9lulas. Aplicados no couro cabeludo atrav\u00e9s de microagulhamento, comunicam diretamente com as c\u00e9lulas dos fol\u00edculos pilosos para estimular a repara\u00e7\u00e3o e a atividade renovada.<\/p>\n\n\n\n<p class=\"has-x-small-font-size wp-block-paragraph\">Uma revis\u00e3o sistem\u00e1tica de 2024, publicada na Biblioteca Nacional de Medicina, concluiu que os exossomas produziram, de forma consistente, aumentos na densidade capilar e na espessura do fio de cabelo, com efeitos compar\u00e1veis ou superiores aos do PRP em estudos de fase inicial. Os ensaios cl\u00ednicos relataram um aumento m\u00e9dio da densidade capilar de 35 cabelos por cent\u00edmetro quadrado aos 12 meses, tendo 80% dos doentes relatado uma melhoria not\u00e1vel.<\/p>\n\n\n\n<p class=\"has-x-small-font-size wp-block-paragraph\">A formula\u00e7\u00e3o \u00e0 base de plantas utilizada no Spa Noor oferece os benef\u00edcios da terapia com exossomas sem ingredientes de origem animal. \u00c9 n\u00e3o hormonal e n\u00e3o farmac\u00eautica, tornando-se adequada para uma vasta gama de pacientes, incluindo aqueles que n\u00e3o podem ou preferem n\u00e3o utilizar medicamentos como a finasterida ou o minoxidil.<\/p>\n\n\n\n<h3 class=\"wp-block-heading\">Microneedling capilar com MD Pen<\/h3>\n\n\n\n<p class=\"has-x-small-font-size wp-block-paragraph\"><a href=\"https:\/\/spanoor.com\/pt\/services\/md-pen-hair-restoration\/\">Microagulhamento do couro cabeludo com a MD Pen<\/a> \u00e9 tanto um tratamento aut\u00f3nomo como o mecanismo de entrega que torna os tratamentos com exossomas e PRFM mais eficazes. O dispositivo cria milhares de micro-canais no couro cabeludo, desencadeando uma resposta de cura de feridas que melhora a circula\u00e7\u00e3o sangu\u00ednea, estimula a produ\u00e7\u00e3o de colag\u00e9nio em redor do fol\u00edculo e aumenta drasticamente a absor\u00e7\u00e3o de quaisquer ativos t\u00f3picos ou injetados aplicados durante a sess\u00e3o.<\/p>\n\n\n\n<p class=\"has-x-small-font-size wp-block-paragraph\">Utilizado isoladamente, o microagulhamento do couro cabeludo demonstra uma melhoria significativa na densidade capilar em homens nas fases iniciais da alop\u00e9cia androgen\u00e9tica. Utilizado em combina\u00e7\u00e3o com PRFM ou exossomas, amplifica os resultados de ambos. N\u00e3o existe per\u00edodo de inatividade, para al\u00e9m de uma ligeira sensibilidade no couro cabeludo durante 24 a 48 horas.<\/p>\n\n\n\n<h3 class=\"wp-block-heading\">Apoio em Casa: Champ\u00f4 para o Couro Cabeludo MD Pen<\/h3>\n\n\n\n<p class=\"has-x-small-font-size wp-block-paragraph\">O que faz entre consultas importa. O <a href=\"https:\/\/spanoor.com\/pt\/products\/hair-care\/\">Champ\u00f4 MD Pen Healthy Scalp and Rejuvenating<\/a> \u00e9 uma formula\u00e7\u00e3o cl\u00ednica que apoia o ambiente do couro cabeludo que os tratamentos em cl\u00ednica procuram restaurar. Os principais ingredientes ativos incluem \u00e1cido salic\u00edlico para uma esfolia\u00e7\u00e3o que desobstrui os fol\u00edculos, extrato de epil\u00f3bio para a regula\u00e7\u00e3o do microbioma e extrato de c\u00e9lulas estaminais humanas com mais de 540 fatores de crescimento e p\u00e9ptidos identificados. Utilizado de forma consistente entre as sess\u00f5es, \u00e9 a diferen\u00e7a entre manter os resultados e recome\u00e7ar de novo a cada vez.<\/p>\n\n\n\n<h2 class=\"wp-block-heading\">Qual \u00e9 o tratamento certo para si?<\/h2>\n\n\n\n<p class=\"has-x-small-font-size wp-block-paragraph\">A abordagem certa depende de v\u00e1rios fatores: o grau de evolu\u00e7\u00e3o da queda de cabelo, a causa subjacente, o seu historial cl\u00ednico e quais s\u00e3o os seus objetivos de forma realista. Os homens nas fases iniciais de entrosamento tendem a apresentar a resposta mais forte a qualquer protocolo regenerativo. Os homens com uma perda mais avan\u00e7ada podem beneficiar de uma abordagem combinada, ou de uma conversa honesta sobre o que os tratamentos n\u00e3o cir\u00fargicos podem e n\u00e3o podem alcan\u00e7ar.<\/p>\n\n\n\n<p class=\"has-x-small-font-size wp-block-paragraph\">O mais importante a compreender \u00e9 que todos estes tratamentos funcionam de forma progressiva. Os resultados medem-se em meses, n\u00e3o em semanas. A consist\u00eancia importa mais do que qualquer sess\u00e3o isolada. E come\u00e7ar mais cedo \u2014 antes que a perda se torne evidente \u2014 d\u00e1 a qualquer tratamento muito mais margem de atua\u00e7\u00e3o.<\/p>\n\n\n\n<p class=\"has-x-small-font-size wp-block-paragraph\">No Spa Noor, em Fall River, avaliamos cada paciente individualmente antes de recomendar qualquer protocolo. A restaura\u00e7\u00e3o capilar n\u00e3o \u00e9 uma categoria universal e n\u00e3o a tratamos dessa forma. Se tem estado a observar isto a acontecer e a perguntar-se se h\u00e1 um momento em que faz sentido fazer algo a respeito, a resposta \u00e9 habitualmente: mais cedo do que pensa.<\/p>\n\n\n\n<div class=\"wp-block-group alignfull has-base-color has-contrast-background-color has-text-color has-background has-global-padding is-layout-constrained wp-container-core-group-is-layout-006dc61b wp-block-group-is-layout-constrained\" style=\"padding-top:var(--wp--preset--spacing--70);padding-right:var(--wp--preset--spacing--40);padding-bottom:var(--wp--preset--spacing--70);padding-left:var(--wp--preset--spacing--40)\">\n<h2 class=\"wp-block-heading has-text-align-center has-text-color has-secondary-font-family\" style=\"color:#ffffff\">Preparado para ter uma conversa franca sobre o seu cabelo?<\/h2>\n\n\n\n<p class=\"has-text-align-center has-text-color has-x-small-font-size wp-block-paragraph\" style=\"color:rgba(255,255,255,0.7);margin-bottom:2em\"><p class=\"has-text-align-center has-x-small-font-size\" style=\"color:rgba(255,255,255,0.7);margin-bottom:2em\">Reserve uma consulta de restaura\u00e7\u00e3o capilar no Spa Noor em Fall River, MA. Vamos avaliar onde se situa a sua queda de cabelo, o que a est\u00e1 a provocar e qual seria um plano de tratamento realista. Servimos New Bedford, Taunton e a regi\u00e3o da SouthCoast de Massachusetts.<\/p><\/p>\n\n\n\n<div class=\"wp-block-buttons is-content-justification-center is-layout-flex wp-container-core-buttons-is-layout-f4e9a59f wp-block-buttons-is-layout-flex\">\n<div class=\"wp-block-button\"><a class=\"wp-block-button__link has-base-color has-primary-background-color has-text-color has-background wp-element-button\" href=\"\/pt\/contact-us\/\">Marcar uma Consulta<\/a><\/div>\n<\/div>\n\n\n\n<p class=\"has-text-align-center has-text-color wp-block-paragraph\" style=\"color:rgba(255,255,255,0.4);margin-top:1.5em;font-size:11px;letter-spacing:0.04em\"><p class=\"has-text-align-center\" style=\"font-size:11px;letter-spacing:0.04em;color:rgba(255,255,255,0.4);margin-top:1.5em\">Ao servi\u00e7o orgulhoso de Fall River, New Bedford, Taunton e SouthCoast, MA<\/p><\/p>\n<\/div>","protected":false},"excerpt":{"rendered":"<p>85% of men experience hair loss. Non-surgical hair restoration using PRFM, exosomes, and scalp microneedling is producing real results with no downtime. Here&#8217;s what to know.<\/p>","protected":false},"author":1,"featured_media":1197,"comment_status":"closed","ping_status":"closed","sticky":false,"template":"","format":"standard","meta":{"footnotes":""},"categories":[59],"tags":[],"class_list":["post-1196","post","type-post","status-publish","format-standard","has-post-thumbnail","hentry","category-hair-restoration"],"_links":{"self":[{"href":"https:\/\/spanoor.com\/pt\/wp-json\/wp\/v2\/posts\/1196","targetHints":{"allow":["GET"]}}],"collection":[{"href":"https:\/\/spanoor.com\/pt\/wp-json\/wp\/v2\/posts"}],"about":[{"href":"https:\/\/spanoor.com\/pt\/wp-json\/wp\/v2\/types\/post"}],"author":[{"embeddable":true,"href":"https:\/\/spanoor.com\/pt\/wp-json\/wp\/v2\/users\/1"}],"replies":[{"embeddable":true,"href":"https:\/\/spanoor.com\/pt\/wp-json\/wp\/v2\/comments?post=1196"}],"version-history":[{"count":1,"href":"https:\/\/spanoor.com\/pt\/wp-json\/wp\/v2\/posts\/1196\/revisions"}],"predecessor-version":[{"id":1198,"href":"https:\/\/spanoor.com\/pt\/wp-json\/wp\/v2\/posts\/1196\/revisions\/1198"}],"wp:featuredmedia":[{"embeddable":true,"href":"https:\/\/spanoor.com\/pt\/wp-json\/wp\/v2\/media\/1197"}],"wp:attachment":[{"href":"https:\/\/spanoor.com\/pt\/wp-json\/wp\/v2\/media?parent=1196"}],"wp:term":[{"taxonomy":"category","embeddable":true,"href":"https:\/\/spanoor.com\/pt\/wp-json\/wp\/v2\/categories?post=1196"},{"taxonomy":"post_tag","embeddable":true,"href":"https:\/\/spanoor.com\/pt\/wp-json\/wp\/v2\/tags?post=1196"}],"curies":[{"name":"wp","href":"https:\/\/api.w.org\/{rel}","templated":true}]}}